{"id":3075,"date":"2019-08-08T09:07:11","date_gmt":"2019-08-08T07:07:11","guid":{"rendered":"http:\/\/franzerhof.de\/?p=3075"},"modified":"2019-08-08T09:07:13","modified_gmt":"2019-08-08T07:07:13","slug":"10-06-2019-wemding-2-2-2-2","status":"publish","type":"post","link":"http:\/\/franzerhof.de\/?p=3075","title":{"rendered":"13\/14.07.2019, Mertingen:"},"content":{"rendered":"<p>Call me Chello am Start der A** Gel\u00e4ndepferdepr\u00fcfung unter Hanna Brendler\u2026.Unglaublich, aber wahr\u2026.ein klasse Tour gelaufen, eine hervorragende Kommentierung vom Richtergremium\u2026ein Vielseitigkeitspferd, wie im Bilderbuch\u2026. Chello ist nicht auf zu halten, man wird sich an seinen Namen erinnern J.<\/p>\n<p>Im Bild ein Familienphoto \u2013 Fariana und ihr Vollbruder Chello \u2013 ein herrlicher Anblick!<\/p>\n<p>Ein herzliches Dankesch\u00f6n an die Eigent\u00fcmerin, Anne Huber, f\u00fcr die Aufzucht und die Ausbildung dieses Sportlers und ein dickes Daumen dr\u00fccken f\u00fcr die Reiterin, Hanna Brendler, damit sie die Erfolge mit dem Pferd sammeln kann!<\/p>\n","protected":false},"excerpt":{"rendered":"<p>Call me Chello am Start der A** Gel\u00e4ndepferdepr\u00fcfung unter Hanna Brendler\u2026.Unglaublich, aber wahr\u2026.ein klasse Tour gelaufen, eine hervorragende Kommentierung vom Richtergremium\u2026ein Vielseitigkeitspferd, wie im Bilderbuch\u2026. Chello<span class=\"excerpt-hellip\"> [\u2026]<\/span><\/p>\n","protected":false},"author":2,"featured_media":3064,"comment_status":"open","ping_status":"open","sticky":false,"template":"","format":"standard","meta":{"ngg_post_thumbnail":0},"categories":[6],"tags":[],"_links":{"self":[{"href":"http:\/\/franzerhof.de\/index.php?rest_route=\/wp\/v2\/posts\/3075"}],"collection":[{"href":"http:\/\/franzerhof.de\/index.php?rest_route=\/wp\/v2\/posts"}],"about":[{"href":"http:\/\/franzerhof.de\/index.php?rest_route=\/wp\/v2\/types\/post"}],"author":[{"embeddable":true,"href":"http:\/\/franzerhof.de\/index.php?rest_route=\/wp\/v2\/users\/2"}],"replies":[{"embeddable":true,"href":"http:\/\/franzerhof.de\/index.php?rest_route=%2Fwp%2Fv2%2Fcomments&post=3075"}],"version-history":[{"count":1,"href":"http:\/\/franzerhof.de\/index.php?rest_route=\/wp\/v2\/posts\/3075\/revisions"}],"predecessor-version":[{"id":3076,"href":"http:\/\/franzerhof.de\/index.php?rest_route=\/wp\/v2\/posts\/3075\/revisions\/3076"}],"wp:featuredmedia":[{"embeddable":true,"href":"http:\/\/franzerhof.de\/index.php?rest_route=\/wp\/v2\/media\/3064"}],"wp:attachment":[{"href":"http:\/\/franzerhof.de\/index.php?rest_route=%2Fwp%2Fv2%2Fmedia&parent=3075"}],"wp:term":[{"taxonomy":"category","embeddable":true,"href":"http:\/\/franzerhof.de\/index.php?rest_route=%2Fwp%2Fv2%2Fcategories&post=3075"},{"taxonomy":"post_tag","embeddable":true,"href":"http:\/\/franzerhof.de\/index.php?rest_route=%2Fwp%2Fv2%2Ftags&post=3075"}],"curies":[{"name":"wp","href":"https:\/\/api.w.org\/{rel}","templated":true}]}}