{"id":3073,"date":"2019-08-08T09:05:36","date_gmt":"2019-08-08T07:05:36","guid":{"rendered":"http:\/\/franzerhof.de\/?p=3073"},"modified":"2019-08-08T09:05:38","modified_gmt":"2019-08-08T07:05:38","slug":"10-06-2019-wemding-2-2-2","status":"publish","type":"post","link":"http:\/\/franzerhof.de\/?p=3073","title":{"rendered":"13\/14.07.2019, Mertingen:"},"content":{"rendered":"<p>Ein riesen Erfolg: Stprst Farina belegte unter Theresa Korselt den 2ten Platz in der L Gel\u00e4ndepferdepr\u00fcfung. W\u00e4re Farina ein Jahr j\u00fcnger, h\u00e4tte sie sich mit diesem tollen Ergebnis zum Bundeschampionat qualifiziert.<\/p>\n<p>Erst 2 Wochen vorher erreichte Farina in der Gel\u00e4ndepferdepr\u00fcfung Klasse A in Oberm\u00fcnchen den 5ten Platz, jetzt ist sie nicht mehr auf zu halten! Wir gratulieren Theresa und Farina ganz, ganz herzlich!<\/p>\n","protected":false},"excerpt":{"rendered":"<p>Ein riesen Erfolg: Stprst Farina belegte unter Theresa Korselt den 2ten Platz in der L Gel\u00e4ndepferdepr\u00fcfung. W\u00e4re Farina ein Jahr j\u00fcnger, h\u00e4tte sie sich mit diesem<span class=\"excerpt-hellip\"> [\u2026]<\/span><\/p>\n","protected":false},"author":2,"featured_media":3065,"comment_status":"open","ping_status":"open","sticky":false,"template":"","format":"standard","meta":{"ngg_post_thumbnail":0},"categories":[6],"tags":[],"_links":{"self":[{"href":"http:\/\/franzerhof.de\/index.php?rest_route=\/wp\/v2\/posts\/3073"}],"collection":[{"href":"http:\/\/franzerhof.de\/index.php?rest_route=\/wp\/v2\/posts"}],"about":[{"href":"http:\/\/franzerhof.de\/index.php?rest_route=\/wp\/v2\/types\/post"}],"author":[{"embeddable":true,"href":"http:\/\/franzerhof.de\/index.php?rest_route=\/wp\/v2\/users\/2"}],"replies":[{"embeddable":true,"href":"http:\/\/franzerhof.de\/index.php?rest_route=%2Fwp%2Fv2%2Fcomments&post=3073"}],"version-history":[{"count":1,"href":"http:\/\/franzerhof.de\/index.php?rest_route=\/wp\/v2\/posts\/3073\/revisions"}],"predecessor-version":[{"id":3074,"href":"http:\/\/franzerhof.de\/index.php?rest_route=\/wp\/v2\/posts\/3073\/revisions\/3074"}],"wp:featuredmedia":[{"embeddable":true,"href":"http:\/\/franzerhof.de\/index.php?rest_route=\/wp\/v2\/media\/3065"}],"wp:attachment":[{"href":"http:\/\/franzerhof.de\/index.php?rest_route=%2Fwp%2Fv2%2Fmedia&parent=3073"}],"wp:term":[{"taxonomy":"category","embeddable":true,"href":"http:\/\/franzerhof.de\/index.php?rest_route=%2Fwp%2Fv2%2Fcategories&post=3073"},{"taxonomy":"post_tag","embeddable":true,"href":"http:\/\/franzerhof.de\/index.php?rest_route=%2Fwp%2Fv2%2Ftags&post=3073"}],"curies":[{"name":"wp","href":"https:\/\/api.w.org\/{rel}","templated":true}]}}