{"id":3055,"date":"2019-06-14T15:59:32","date_gmt":"2019-06-14T13:59:32","guid":{"rendered":"http:\/\/franzerhof.de\/?p=3055"},"modified":"2019-06-15T18:19:35","modified_gmt":"2019-06-15T16:19:35","slug":"09-06-2019-daiting","status":"publish","type":"post","link":"http:\/\/franzerhof.de\/?p=3055","title":{"rendered":"09.06.2019, Daiting:"},"content":{"rendered":"<p><span style=\"caret-color: rgb(0, 0, 0); color: rgb(0, 0, 0); font-family: UICTFontTextStyleBody; font-size: 17px; font-style: normal; font-variant-caps: normal; font-weight: normal; letter-spacing: normal; orphans: auto; text-align: start; text-indent: 0px; text-transform: none; white-space: normal; widows: auto; word-spacing: 0px; -webkit-tap-highlight-color: rgba(26, 26, 26, 0.301961); -webkit-text-size-adjust: auto; -webkit-text-stroke-width: 0px; text-decoration: none; display: inline !important; float: none\">Wir begr\u00fc\u00dfen Lauri, den neu angekommenen Rentner bei uns am Hof. Von Renate Vogelsang h\u00f6chst pers\u00f6nlich \u00fcberbracht, 21 Jahre alt und schon weit gereist, wird Lauri die n\u00e4chsten Jahre bei uns seine Rente in vollen Z\u00fcgen genie\u00dfen. Und kaum angekommen, hat er schon seine ersten Freunde gefunden \u2013 der erste Koppelgang mit<\/span><span style=\"caret-color: rgb(0, 0, 0); color: rgb(0, 0, 0); font-family: UICTFontTextStyleBody; font-size: 17px; font-style: normal; font-variant-caps: normal; font-weight: normal; letter-spacing: normal; orphans: auto; text-align: start; text-indent: 0px; text-transform: none; white-space: normal; widows: auto; word-spacing: 0px; -webkit-tap-highlight-color: rgba(26, 26, 26, 0.301961); -webkit-text-size-adjust: auto; -webkit-text-stroke-width: 0px; text-decoration: none; display: inline !important; float: none\"><span class=\"Apple-converted-space\">&nbsp;<\/span><\/span>Dunkelbunt<span style=\"caret-color: rgb(0, 0, 0); color: rgb(0, 0, 0); font-family: UICTFontTextStyleBody; font-size: 17px; font-style: normal; font-variant-caps: normal; font-weight: normal; letter-spacing: normal; orphans: auto; text-align: start; text-indent: 0px; text-transform: none; white-space: normal; widows: auto; word-spacing: 0px; -webkit-tap-highlight-color: rgba(26, 26, 26, 0.301961); -webkit-text-size-adjust: auto; -webkit-text-stroke-width: 0px; text-decoration: none; display: inline !important; float: none\">, Charly und Leo verl\u00e4uft sehr harmonisch. Ein herzliches Willkommen an die Eigent\u00fcmerin Aurelia Muck und Lauri!<\/span><\/p>\n","protected":false},"excerpt":{"rendered":"<p>Wir begr\u00fc\u00dfen Lauri, den neu angekommenen Rentner bei uns am Hof. Von Renate Vogelsang h\u00f6chst pers\u00f6nlich \u00fcberbracht, 21 Jahre alt und schon weit gereist, wird Lauri<span class=\"excerpt-hellip\"> [\u2026]<\/span><\/p>\n","protected":false},"author":2,"featured_media":3060,"comment_status":"open","ping_status":"open","sticky":false,"template":"","format":"standard","meta":{"ngg_post_thumbnail":0},"categories":[6],"tags":[],"_links":{"self":[{"href":"http:\/\/franzerhof.de\/index.php?rest_route=\/wp\/v2\/posts\/3055"}],"collection":[{"href":"http:\/\/franzerhof.de\/index.php?rest_route=\/wp\/v2\/posts"}],"about":[{"href":"http:\/\/franzerhof.de\/index.php?rest_route=\/wp\/v2\/types\/post"}],"author":[{"embeddable":true,"href":"http:\/\/franzerhof.de\/index.php?rest_route=\/wp\/v2\/users\/2"}],"replies":[{"embeddable":true,"href":"http:\/\/franzerhof.de\/index.php?rest_route=%2Fwp%2Fv2%2Fcomments&post=3055"}],"version-history":[{"count":1,"href":"http:\/\/franzerhof.de\/index.php?rest_route=\/wp\/v2\/posts\/3055\/revisions"}],"predecessor-version":[{"id":3056,"href":"http:\/\/franzerhof.de\/index.php?rest_route=\/wp\/v2\/posts\/3055\/revisions\/3056"}],"wp:featuredmedia":[{"embeddable":true,"href":"http:\/\/franzerhof.de\/index.php?rest_route=\/wp\/v2\/media\/3060"}],"wp:attachment":[{"href":"http:\/\/franzerhof.de\/index.php?rest_route=%2Fwp%2Fv2%2Fmedia&parent=3055"}],"wp:term":[{"taxonomy":"category","embeddable":true,"href":"http:\/\/franzerhof.de\/index.php?rest_route=%2Fwp%2Fv2%2Fcategories&post=3055"},{"taxonomy":"post_tag","embeddable":true,"href":"http:\/\/franzerhof.de\/index.php?rest_route=%2Fwp%2Fv2%2Ftags&post=3055"}],"curies":[{"name":"wp","href":"https:\/\/api.w.org\/{rel}","templated":true}]}}