{"id":3030,"date":"2019-04-22T23:27:50","date_gmt":"2019-04-22T21:27:50","guid":{"rendered":"http:\/\/franzerhof.de\/?p=3030"},"modified":"2019-04-22T23:27:53","modified_gmt":"2019-04-22T21:27:53","slug":"17-01-2018-cadolzburg-2-2-2-2-2-2-2-2-2-2-2-2-2-2-2-2-2-2-2-2-2-2-2-2-2-2-2-3","status":"publish","type":"post","link":"http:\/\/franzerhof.de\/?p=3030","title":{"rendered":"15.04.2019, M\u00fcnchen Riem:"},"content":{"rendered":"<p>Unglaublich, aber wahr\u2026.Geronimo 732 wurde Erster der TOP 10 der 3 j\u00e4hrigen Bayrischen Reitpferde mit gleichzeitig der gr\u00f6\u00dften Gewinnsumme aus diesem Vergleichsfeld in 2018. Wir freuten uns riesig \u00fcber die Z\u00fcchter-Ehrung die uns im Rahmen der Jahreshauptversammlung des Landesverbandes zu Teil wurde. Wir w\u00fcnschen Geronimo und seinem Reiter Lukas viel Gl\u00fcck f\u00fcr die Tuniersaison 2019.<\/p>\n","protected":false},"excerpt":{"rendered":"<p>Unglaublich, aber wahr\u2026.Geronimo 732 wurde Erster der TOP 10 der 3 j\u00e4hrigen Bayrischen Reitpferde mit gleichzeitig der gr\u00f6\u00dften Gewinnsumme aus diesem Vergleichsfeld in 2018. Wir freuten<span class=\"excerpt-hellip\"> [\u2026]<\/span><\/p>\n","protected":false},"author":2,"featured_media":3031,"comment_status":"open","ping_status":"open","sticky":false,"template":"","format":"image","meta":{"ngg_post_thumbnail":0},"categories":[6],"tags":[],"_links":{"self":[{"href":"http:\/\/franzerhof.de\/index.php?rest_route=\/wp\/v2\/posts\/3030"}],"collection":[{"href":"http:\/\/franzerhof.de\/index.php?rest_route=\/wp\/v2\/posts"}],"about":[{"href":"http:\/\/franzerhof.de\/index.php?rest_route=\/wp\/v2\/types\/post"}],"author":[{"embeddable":true,"href":"http:\/\/franzerhof.de\/index.php?rest_route=\/wp\/v2\/users\/2"}],"replies":[{"embeddable":true,"href":"http:\/\/franzerhof.de\/index.php?rest_route=%2Fwp%2Fv2%2Fcomments&post=3030"}],"version-history":[{"count":1,"href":"http:\/\/franzerhof.de\/index.php?rest_route=\/wp\/v2\/posts\/3030\/revisions"}],"predecessor-version":[{"id":3032,"href":"http:\/\/franzerhof.de\/index.php?rest_route=\/wp\/v2\/posts\/3030\/revisions\/3032"}],"wp:featuredmedia":[{"embeddable":true,"href":"http:\/\/franzerhof.de\/index.php?rest_route=\/wp\/v2\/media\/3031"}],"wp:attachment":[{"href":"http:\/\/franzerhof.de\/index.php?rest_route=%2Fwp%2Fv2%2Fmedia&parent=3030"}],"wp:term":[{"taxonomy":"category","embeddable":true,"href":"http:\/\/franzerhof.de\/index.php?rest_route=%2Fwp%2Fv2%2Fcategories&post=3030"},{"taxonomy":"post_tag","embeddable":true,"href":"http:\/\/franzerhof.de\/index.php?rest_route=%2Fwp%2Fv2%2Ftags&post=3030"}],"curies":[{"name":"wp","href":"https:\/\/api.w.org\/{rel}","templated":true}]}}