{"id":2892,"date":"2018-08-01T13:30:05","date_gmt":"2018-08-01T11:30:05","guid":{"rendered":"http:\/\/franzerhof.de\/?p=2892"},"modified":"2018-08-01T13:30:05","modified_gmt":"2018-08-01T11:30:05","slug":"17-01-2018-cadolzburg-2-2-2-2-2-2-2-2-2-2-2-2-2-2-2-2-2-2-2","status":"publish","type":"post","link":"http:\/\/franzerhof.de\/?p=2892","title":{"rendered":"21.07.2018 Daiting:"},"content":{"rendered":"<p>Juhu\u2026der langersehnte Reitplatzbau beginnt. Ein gro\u00dfer Dank geb\u00fchrt der Gemeinde Daiting, die mit der nah am Hof gelegenen Pachtfl\u00e4che diesen Ausbau erm\u00f6glichte. Die Fertigstellung ist in den n\u00e4chsten wenigen Wochen geplant, so dass der Platz zeitnah zum t\u00e4glichen Reiten in vollem Umfange genutzt werden kann.<\/p>\n","protected":false},"excerpt":{"rendered":"<p>Juhu\u2026der langersehnte Reitplatzbau beginnt. Ein gro\u00dfer Dank geb\u00fchrt der Gemeinde Daiting, die mit der nah am Hof gelegenen Pachtfl\u00e4che diesen Ausbau erm\u00f6glichte. Die Fertigstellung ist in<span class=\"excerpt-hellip\"> [\u2026]<\/span><\/p>\n","protected":false},"author":2,"featured_media":2871,"comment_status":"open","ping_status":"open","sticky":false,"template":"","format":"standard","meta":{"ngg_post_thumbnail":0},"categories":[6],"tags":[],"_links":{"self":[{"href":"http:\/\/franzerhof.de\/index.php?rest_route=\/wp\/v2\/posts\/2892"}],"collection":[{"href":"http:\/\/franzerhof.de\/index.php?rest_route=\/wp\/v2\/posts"}],"about":[{"href":"http:\/\/franzerhof.de\/index.php?rest_route=\/wp\/v2\/types\/post"}],"author":[{"embeddable":true,"href":"http:\/\/franzerhof.de\/index.php?rest_route=\/wp\/v2\/users\/2"}],"replies":[{"embeddable":true,"href":"http:\/\/franzerhof.de\/index.php?rest_route=%2Fwp%2Fv2%2Fcomments&post=2892"}],"version-history":[{"count":1,"href":"http:\/\/franzerhof.de\/index.php?rest_route=\/wp\/v2\/posts\/2892\/revisions"}],"predecessor-version":[{"id":2893,"href":"http:\/\/franzerhof.de\/index.php?rest_route=\/wp\/v2\/posts\/2892\/revisions\/2893"}],"wp:featuredmedia":[{"embeddable":true,"href":"http:\/\/franzerhof.de\/index.php?rest_route=\/wp\/v2\/media\/2871"}],"wp:attachment":[{"href":"http:\/\/franzerhof.de\/index.php?rest_route=%2Fwp%2Fv2%2Fmedia&parent=2892"}],"wp:term":[{"taxonomy":"category","embeddable":true,"href":"http:\/\/franzerhof.de\/index.php?rest_route=%2Fwp%2Fv2%2Fcategories&post=2892"},{"taxonomy":"post_tag","embeddable":true,"href":"http:\/\/franzerhof.de\/index.php?rest_route=%2Fwp%2Fv2%2Ftags&post=2892"}],"curies":[{"name":"wp","href":"https:\/\/api.w.org\/{rel}","templated":true}]}}